{"id":1277,"date":"2011-10-09T07:30:37","date_gmt":"2011-10-09T07:30:37","guid":{"rendered":"http:\/\/www.paareprojekt.de\/?p=1277"},"modified":"2014-02-27T08:08:23","modified_gmt":"2014-02-27T08:08:23","slug":"munich-contempo-vernissage-am-19-oktober","status":"publish","type":"post","link":"http:\/\/www.paareprojekt.de\/?p=1277","title":{"rendered":"Munich Contempo \u2013 Karten f\u00fcr die Vernissage am 19. Oktober"},"content":{"rendered":"<p><a href=\"http:\/\/www.paareprojekt.de\/wp-content\/uploads\/Umschlag1.jpg\"><img decoding=\"async\" loading=\"lazy\" class=\"alignright size-medium wp-image-1309\" title=\"Umschlag\" src=\"http:\/\/www.paareprojekt.de\/wp-content\/uploads\/Umschlag1-282x400.jpg\" alt=\"\" width=\"226\" height=\"320\" srcset=\"http:\/\/www.paareprojekt.de\/wp-content\/uploads\/Umschlag1-282x400.jpg 282w, http:\/\/www.paareprojekt.de\/wp-content\/uploads\/Umschlag1-106x150.jpg 106w, http:\/\/www.paareprojekt.de\/wp-content\/uploads\/Umschlag1-723x1024.jpg 723w, http:\/\/www.paareprojekt.de\/wp-content\/uploads\/Umschlag1.jpg 1414w\" sizes=\"(max-width: 226px) 100vw, 226px\" \/><\/a>Vom 20. bis zum 23. Oktober findet die Kunstmesse Munich Contempo im Postpalast, Wredestra\u00dfe 10, in M\u00fcnchen statt. Wer zur<strong> Vernissage am Mittwoch, 19. Oktober, von 17 bis 21 Uhr<\/strong> kommen und das Paareprojekt im Bereich &#8222;Promising Land&#8220; besuchen m\u00f6chte, schreibt uns bitte eine Mail &#8211; wir haben hier noch ein paar Eintrittskarten.<\/p>\n<p>Au\u00dferdem danken wir Simone Lehmann von der design-union ganz herzlich f\u00fcr die Gestaltung unserer sehr sch\u00f6nen Einladungskarte!<\/p>\n","protected":false},"excerpt":{"rendered":"<p>Vom 20. bis zum 23. Oktober findet die Kunstmesse Munich Contempo im Postpalast, Wredestra\u00dfe 10, in M\u00fcnchen statt. Wer zur Vernissage am Mittwoch, 19. Oktober, von 17 bis 21 Uhr kommen und das Paareprojekt im Bereich &#8222;Promising Land&#8220; besuchen m\u00f6chte, schreibt uns bitte eine Mail &#8211; wir haben hier noch ein paar Eintrittskarten. Au\u00dferdem danken [&hellip;]<\/p>\n","protected":false},"author":1,"featured_media":0,"comment_status":"open","ping_status":"open","sticky":false,"template":"","format":"standard","meta":{"footnotes":""},"categories":[15],"tags":[],"_links":{"self":[{"href":"http:\/\/www.paareprojekt.de\/index.php?rest_route=\/wp\/v2\/posts\/1277"}],"collection":[{"href":"http:\/\/www.paareprojekt.de\/index.php?rest_route=\/wp\/v2\/posts"}],"about":[{"href":"http:\/\/www.paareprojekt.de\/index.php?rest_route=\/wp\/v2\/types\/post"}],"author":[{"embeddable":true,"href":"http:\/\/www.paareprojekt.de\/index.php?rest_route=\/wp\/v2\/users\/1"}],"replies":[{"embeddable":true,"href":"http:\/\/www.paareprojekt.de\/index.php?rest_route=%2Fwp%2Fv2%2Fcomments&post=1277"}],"version-history":[{"count":16,"href":"http:\/\/www.paareprojekt.de\/index.php?rest_route=\/wp\/v2\/posts\/1277\/revisions"}],"predecessor-version":[{"id":1801,"href":"http:\/\/www.paareprojekt.de\/index.php?rest_route=\/wp\/v2\/posts\/1277\/revisions\/1801"}],"wp:attachment":[{"href":"http:\/\/www.paareprojekt.de\/index.php?rest_route=%2Fwp%2Fv2%2Fmedia&parent=1277"}],"wp:term":[{"taxonomy":"category","embeddable":true,"href":"http:\/\/www.paareprojekt.de\/index.php?rest_route=%2Fwp%2Fv2%2Fcategories&post=1277"},{"taxonomy":"post_tag","embeddable":true,"href":"http:\/\/www.paareprojekt.de\/index.php?rest_route=%2Fwp%2Fv2%2Ftags&post=1277"}],"curies":[{"name":"wp","href":"https:\/\/api.w.org\/{rel}","templated":true}]}}